{"id":10276,"date":"2025-01-31T11:49:05","date_gmt":"2025-01-31T09:49:05","guid":{"rendered":"https:\/\/www.incar.fi\/?p=10276"},"modified":"2025-01-31T11:49:05","modified_gmt":"2025-01-31T09:49:05","slug":"incar-korjaamoverkosto-laajenee-rovaniemella","status":"publish","type":"post","link":"https:\/\/www.incar.fi\/en\/2025\/01\/incar-korjaamoverkosto-laajenee-rovaniemella\/","title":{"rendered":"InCar korjaamoverkosto laajenee Rovaniemell\u00e4"},"content":{"rendered":"\n<p>Suomen vaivattomin vauriokorjaamoketju InCar Oy on solminut liiketoimintakaupan Rovaniemell\u00e4. Kaupassa InCar hankkii P\u00f6rh\u00f6n Autoliike Oy:n sek\u00e4 Automaalaamo H. Tuomivaara Oy:n Rovaniemen toimipisteen vauriokorjaamo- ja maalausliiketoiminnot. Kaupan my\u00f6t\u00e4 InCarin Rovaniemen henkil\u00f6st\u00f6 vahvistuu yhdeks\u00e4ll\u00e4 alan ammattilaisella.<\/p>\n\n\n\n<p><em>\u201cNyt solmittu kauppa vahvistaa jalansijaamme Rovaniemen ja Pohjois-Suomen markkinoilla. Laajentuminen tukee strategiaamme kehitt\u00e4\u00e4 palveluitamme ja tarjota asiakkaillemme entist\u00e4 kattavampaa ja laadukkaampaa vauriokorjauspalvelua my\u00f6s autoliikkeiden kanssa\u201d<\/em>, kertoo InCar Oy:n operatiivinen johtaja Tommi Vat\u00e9n.<\/p>\n\n\n\n<p>Uuden liiketoimintakaupan my\u00f6t\u00e4 InCarin jalansija vahvistuu Pohjois-Suomessa. Nykyinen verkosto kattaa korjaamot nykyisen Rovaniemen korjaamon lis\u00e4ksi Torniossa ja Keminmaalla. Rovaniemen toisen korjaamon avaaminen mahdollistaa entist\u00e4 tehokkaamman ja asiakasl\u00e4ht\u00f6isemm\u00e4n palvelun alueella.<\/p>\n\n\n\n<p>Lis\u00e4tietoja:<\/p>\n\n\n\n<p>Tommi Vat\u00e9n<br>Operatiivinen johtaja<br><a href=\"mailto:tommi.vaten@incar.fi\">tommi.vaten@incar.fi<\/a><\/p>\n\n\n\n<p><\/p>\n","protected":false},"excerpt":{"rendered":"<p>Suomen vaivattomin vauriokorjaamoketju InCar Oy on solminut liiketoimintakaupan Rovaniemell\u00e4. Kaupassa InCar hankkii P\u00f6rh\u00f6n Autoliike Oy:n sek\u00e4 Automaalaamo H. Tuomivaara Oy:n Rovaniemen toimipisteen vauriokorjaamo- ja maalausliiketoiminnot. Kaupan my\u00f6t\u00e4 InCarin Rovaniemen henkil\u00f6st\u00f6 [&hellip;]<\/p>\n","protected":false},"author":81,"featured_media":10278,"comment_status":"closed","ping_status":"closed","sticky":false,"template":"","format":"standard","meta":{"_uag_custom_page_level_css":"","site-sidebar-layout":"default","site-content-layout":"","ast-site-content-layout":"default","site-content-style":"default","site-sidebar-style":"default","ast-global-header-display":"","ast-banner-title-visibility":"","ast-main-header-display":"","ast-hfb-above-header-display":"","ast-hfb-below-header-display":"","ast-hfb-mobile-header-display":"","site-post-title":"","ast-breadcrumbs-content":"","ast-featured-img":"","footer-sml-layout":"","ast-disable-related-posts":"","theme-transparent-header-meta":"","adv-header-id-meta":"","stick-header-meta":"","header-above-stick-meta":"","header-main-stick-meta":"","header-below-stick-meta":"","astra-migrate-meta-layouts":"set","ast-page-background-enabled":"default","ast-page-background-meta":{"desktop":{"background-color":"","background-image":"","background-repeat":"repeat","background-position":"center center","background-size":"auto","background-attachment":"scroll","background-type":"","background-media":"","overlay-type":"","overlay-color":"","overlay-opacity":"","overlay-gradient":""},"tablet":{"background-color":"","background-image":"","background-repeat":"repeat","background-position":"center center","background-size":"auto","background-attachment":"scroll","background-type":"","background-media":"","overlay-type":"","overlay-color":"","overlay-opacity":"","overlay-gradient":""},"mobile":{"background-color":"","background-image":"","background-repeat":"repeat","background-position":"center center","background-size":"auto","background-attachment":"scroll","background-type":"","background-media":"","overlay-type":"","overlay-color":"","overlay-opacity":"","overlay-gradient":""}},"ast-content-background-meta":{"desktop":{"background-color":"var(--ast-global-color-5)","background-image":"","background-repeat":"repeat","background-position":"center center","background-size":"auto","background-attachment":"scroll","background-type":"","background-media":"","overlay-type":"","overlay-color":"","overlay-opacity":"","overlay-gradient":""},"tablet":{"background-color":"var(--ast-global-color-5)","background-image":"","background-repeat":"repeat","background-position":"center center","background-size":"auto","background-attachment":"scroll","background-type":"","background-media":"","overlay-type":"","overlay-color":"","overlay-opacity":"","overlay-gradient":""},"mobile":{"background-color":"var(--ast-global-color-5)","background-image":"","background-repeat":"repeat","background-position":"center center","background-size":"auto","background-attachment":"scroll","background-type":"","background-media":"","overlay-type":"","overlay-color":"","overlay-opacity":"","overlay-gradient":""}},"footnotes":""},"categories":[1],"tags":[],"class_list":["post-10276","post","type-post","status-publish","format-standard","has-post-thumbnail","hentry","category-tiedotteet"],"aioseo_notices":[],"uagb_featured_image_src":{"full":["https:\/\/www.incar.fi\/media\/2025\/01\/InCar-korjaamoverkosto-laajenee-Rovaniemella.png",1113,626,false],"thumbnail":["https:\/\/www.incar.fi\/media\/2025\/01\/InCar-korjaamoverkosto-laajenee-Rovaniemella-400x225.png",400,225,true],"medium":["https:\/\/www.incar.fi\/media\/2025\/01\/InCar-korjaamoverkosto-laajenee-Rovaniemella-800x450.png",800,450,true],"medium_large":["https:\/\/www.incar.fi\/media\/2025\/01\/InCar-korjaamoverkosto-laajenee-Rovaniemella-768x432.png",768,432,true],"large":["https:\/\/www.incar.fi\/media\/2025\/01\/InCar-korjaamoverkosto-laajenee-Rovaniemella.png",1113,626,false],"1536x1536":["https:\/\/www.incar.fi\/media\/2025\/01\/InCar-korjaamoverkosto-laajenee-Rovaniemella.png",1113,626,false],"2048x2048":["https:\/\/www.incar.fi\/media\/2025\/01\/InCar-korjaamoverkosto-laajenee-Rovaniemella.png",1113,626,false],"gform-image-choice-sm":["https:\/\/www.incar.fi\/media\/2025\/01\/InCar-korjaamoverkosto-laajenee-Rovaniemella.png",300,169,false],"gform-image-choice-md":["https:\/\/www.incar.fi\/media\/2025\/01\/InCar-korjaamoverkosto-laajenee-Rovaniemella.png",400,225,false],"gform-image-choice-lg":["https:\/\/www.incar.fi\/media\/2025\/01\/InCar-korjaamoverkosto-laajenee-Rovaniemella.png",600,337,false]},"uagb_author_info":{"display_name":"Marika Karppi","author_link":"https:\/\/www.incar.fi\/en\/author\/marika-karppi\/"},"uagb_comment_info":0,"uagb_excerpt":"Suomen vaivattomin vauriokorjaamoketju InCar Oy on solminut liiketoimintakaupan Rovaniemell\u00e4. Kaupassa InCar hankkii P\u00f6rh\u00f6n Autoliike Oy:n sek\u00e4 Automaalaamo H. Tuomivaara Oy:n Rovaniemen toimipisteen vauriokorjaamo- ja maalausliiketoiminnot. Kaupan my\u00f6t\u00e4 InCarin Rovaniemen henkil\u00f6st\u00f6 [&hellip;]","_links":{"self":[{"href":"https:\/\/www.incar.fi\/en\/wp-json\/wp\/v2\/posts\/10276","targetHints":{"allow":["GET"]}}],"collection":[{"href":"https:\/\/www.incar.fi\/en\/wp-json\/wp\/v2\/posts"}],"about":[{"href":"https:\/\/www.incar.fi\/en\/wp-json\/wp\/v2\/types\/post"}],"author":[{"embeddable":true,"href":"https:\/\/www.incar.fi\/en\/wp-json\/wp\/v2\/users\/81"}],"replies":[{"embeddable":true,"href":"https:\/\/www.incar.fi\/en\/wp-json\/wp\/v2\/comments?post=10276"}],"version-history":[{"count":2,"href":"https:\/\/www.incar.fi\/en\/wp-json\/wp\/v2\/posts\/10276\/revisions"}],"predecessor-version":[{"id":10280,"href":"https:\/\/www.incar.fi\/en\/wp-json\/wp\/v2\/posts\/10276\/revisions\/10280"}],"wp:featuredmedia":[{"embeddable":true,"href":"https:\/\/www.incar.fi\/en\/wp-json\/wp\/v2\/media\/10278"}],"wp:attachment":[{"href":"https:\/\/www.incar.fi\/en\/wp-json\/wp\/v2\/media?parent=10276"}],"wp:term":[{"taxonomy":"category","embeddable":true,"href":"https:\/\/www.incar.fi\/en\/wp-json\/wp\/v2\/categories?post=10276"},{"taxonomy":"post_tag","embeddable":true,"href":"https:\/\/www.incar.fi\/en\/wp-json\/wp\/v2\/tags?post=10276"}],"curies":[{"name":"wp","href":"https:\/\/api.w.org\/{rel}","templated":true}]}}