{"id":13556,"date":"2026-01-08T08:00:00","date_gmt":"2026-01-08T06:00:00","guid":{"rendered":"https:\/\/www.incar.fi\/?p=13556"},"modified":"2026-01-07T16:31:50","modified_gmt":"2026-01-07T14:31:50","slug":"autoilija-nain-varaudut-lumikeleihin","status":"publish","type":"post","link":"https:\/\/www.incar.fi\/sv\/2026\/01\/autoilija-nain-varaudut-lumikeleihin\/","title":{"rendered":"Autoilija, n\u00e4in varaudut lumikeleihin"},"content":{"rendered":"\n<p><strong>Talven ensimm\u00e4iset kinokset ovat jo sataneet, ja meist\u00e4 moni on saanut kokea, kuinka nopeasti ajokeli voi muuttua.\u00a0Lumi ja sohjo haastavat matkantekoa niin teill\u00e4 kuin parkkipaikoilla ja pihoilla.\u00a0\u00a0Pienill\u00e4\u00a0teoilla voit\u00a0vaikuttaa siihen, ett\u00e4 arkiautoilu\u00a0sujuu lumikeleist\u00e4 huolimatta.\u00a0Kertaa vinkit ja tarkista autosi\u00a0talvivarusteet\u00a0kuntoon.\u00a0<\/strong><\/p>\n\n\n\n<h2 class=\"wp-block-heading\">Harja, raappa ja lapio&nbsp;<\/h2>\n\n\n\n<p>Selvin&nbsp;merkki auton talviasusta on talvirenkaisiin siirtyminen,&nbsp;ja ilman niit\u00e4 ei olekaan l\u00e4htemist\u00e4 talviteille.&nbsp;Autoon kannattaa laittaa muutama muukin&nbsp;tarvike&nbsp;lumi-, j\u00e4\u00e4- ja&nbsp;sohjokelej\u00e4 varten: lumiharja, j\u00e4\u00e4raappa&nbsp;ja kokoontaitettava lapio.&nbsp;N\u00e4ill\u00e4&nbsp;apuv\u00e4lineill\u00e4 p\u00e4\u00e4set&nbsp;pitk\u00e4lle,&nbsp;jos&nbsp;l\u00e4hdet&nbsp;liikkeelle lumituiskeessa seisseen auton kanssa. Kokoontaitettava lapio ei vie liiaksi tilaa autosta, mutta on oiva apu,&nbsp;jos&nbsp;oman auton ymp\u00e4rill\u00e4 on syyst\u00e4 tai toisesta isot kasat lunta.&nbsp;&nbsp;<\/p>\n\n\n\n<p>Talven&nbsp;tarvikepakettia kootessa mukaan kannattaa heitt\u00e4\u00e4 my\u00f6s l\u00e4mmin, ylim\u00e4\u00e4r\u00e4inen vaatekerta,&nbsp;taskulamppu&nbsp;sek\u00e4&nbsp;heijastinliivi. N\u00e4m\u00e4 ovat&nbsp;kallisarvoisia&nbsp;apuv\u00e4lineit\u00e4&nbsp;silloin, kun&nbsp;joudut syyst\u00e4 tai toisesta olemaan pidemm\u00e4n aikaa kylm\u00e4ss\u00e4&nbsp;ja pime\u00e4ss\u00e4&nbsp;talvis\u00e4\u00e4ss\u00e4&nbsp;\u2013 vaihtamaan vaikkapa rikkoontuneen autonrenkaan.&nbsp;<\/p>\n\n\n\n<h2 class=\"wp-block-heading\">Suunnittele etuk\u00e4teen ja j\u00e4t\u00e4 pelivaraa&nbsp;<\/h2>\n\n\n\n<p>Onnettomuusriski on suurimmillaan juuri silloin, kun keli vaihtuu \u00e4killisesti,\u00a0esimerkiksi\u00a0talvikauden alussa.\u00a0Kun tiedossa on\u00a0huono ajokeli\u00a0ja\u00a0muuttuneet tieolosuhteet,\u00a0ajomatkaan kannattaa varata suosiolla\u00a0hieman\u00a0enemm\u00e4n aikaa.\u00a0Matka-aika venyy helposti joka tapauksessa,\u00a0sill\u00e4 ajonopeudet ovat\u00a0keskim\u00e4\u00e4r\u00e4ist\u00e4\u00a0alhaisemmat ja teille on saattanut muodostua ruuhkaa.<\/p>\n\n\n\n<p>Muista my\u00f6s, ett\u00e4 <a href=\"https:\/\/www.incar.fi\/2025\/02\/viisi-vinkkia-nain-puhdistat-auton-talvella-oikein\/\" target=\"_blank\" rel=\"noreferrer noopener\">auton putsaamiseen lumesta ja j\u00e4\u00e4st\u00e4<\/a> menee helposti 10 minuuttia aikaa, joskus enemm\u00e4nkin. My\u00f6s m\u00e4\u00e4r\u00e4np\u00e4\u00e4ss\u00e4 saattaa joutua varaamaan aikaa lumesta auratun parkkipaikan etsimiseen tai lapioimaan lunta pois itse.&nbsp;&nbsp;<\/p>\n\n\n\n<h2 class=\"wp-block-heading\">Asenne ratkaisee talvitiell\u00e4&nbsp;<\/h2>\n\n\n\n<p>Kun l\u00e4hdet liikkeelle, muista pit\u00e4\u00e4 riitt\u00e4v\u00e4t turvav\u00e4lit ja h\u00f6ll\u00e4\u00e4 kaasujalkaa. <a href=\"https:\/\/www.incar.fi\/2024\/11\/talvirenkaat-alle-ja-maltti-paalle\/\" target=\"_blank\" rel=\"noreferrer noopener\">Talviolosuhteissa reaktioaika moninkertaistuu<\/a> kes\u00e4\u00e4n ja kuivaan maantiehen verrattuna. Kun olet varannut matkantekoosi tarpeeksi aikaa, v\u00e4ltyt my\u00f6s h\u00e4tik\u00f6idyilt\u00e4 ohituksilta ja muilta impulsiivisilta valinnoilta.&nbsp;&nbsp;<\/p>\n\n\n\n<p>Asenne siis ratkaisee. Kun olet jo valmiiksi varautunut pidemp\u00e4\u00e4n matka-aikaan, ei ratin takanakaan mene hermot niin helposti. Turvallista matkaa!&nbsp;&nbsp;<\/p>\n\n\n\n<p><strong>Kolahtiko kaikesta huolimatta?<\/strong> <a href=\"https:\/\/www.incar.fi\/autokorjaamot\/\" target=\"_blank\" rel=\"noreferrer noopener\">Ota yhteytt\u00e4 l\u00e4himp\u00e4\u00e4n InCarin toimipisteeseen!<\/a>&nbsp;<\/p>\n","protected":false},"excerpt":{"rendered":"<p>Talven ensimm\u00e4iset kinokset ovat jo sataneet, ja meist\u00e4 moni on saanut kokea, kuinka nopeasti ajokeli voi muuttua.\u00a0Lumi ja sohjo haastavat matkantekoa niin teill\u00e4 kuin parkkipaikoilla ja pihoilla.\u00a0\u00a0Pienill\u00e4\u00a0teoilla voit\u00a0vaikuttaa siihen, ett\u00e4 [&hellip;]<\/p>\n","protected":false},"author":81,"featured_media":13557,"comment_status":"closed","ping_status":"closed","sticky":false,"template":"","format":"standard","meta":{"_uag_custom_page_level_css":"","site-sidebar-layout":"default","site-content-layout":"","ast-site-content-layout":"default","site-content-style":"default","site-sidebar-style":"default","ast-global-header-display":"","ast-banner-title-visibility":"","ast-main-header-display":"","ast-hfb-above-header-display":"","ast-hfb-below-header-display":"","ast-hfb-mobile-header-display":"","site-post-title":"","ast-breadcrumbs-content":"","ast-featured-img":"","footer-sml-layout":"","ast-disable-related-posts":"","theme-transparent-header-meta":"","adv-header-id-meta":"","stick-header-meta":"","header-above-stick-meta":"","header-main-stick-meta":"","header-below-stick-meta":"","astra-migrate-meta-layouts":"set","ast-page-background-enabled":"default","ast-page-background-meta":{"desktop":{"background-color":"","background-image":"","background-repeat":"repeat","background-position":"center center","background-size":"auto","background-attachment":"scroll","background-type":"","background-media":"","overlay-type":"","overlay-color":"","overlay-opacity":"","overlay-gradient":""},"tablet":{"background-color":"","background-image":"","background-repeat":"repeat","background-position":"center center","background-size":"auto","background-attachment":"scroll","background-type":"","background-media":"","overlay-type":"","overlay-color":"","overlay-opacity":"","overlay-gradient":""},"mobile":{"background-color":"","background-image":"","background-repeat":"repeat","background-position":"center center","background-size":"auto","background-attachment":"scroll","background-type":"","background-media":"","overlay-type":"","overlay-color":"","overlay-opacity":"","overlay-gradient":""}},"ast-content-background-meta":{"desktop":{"background-color":"var(--ast-global-color-5)","background-image":"","background-repeat":"repeat","background-position":"center center","background-size":"auto","background-attachment":"scroll","background-type":"","background-media":"","overlay-type":"","overlay-color":"","overlay-opacity":"","overlay-gradient":""},"tablet":{"background-color":"var(--ast-global-color-5)","background-image":"","background-repeat":"repeat","background-position":"center center","background-size":"auto","background-attachment":"scroll","background-type":"","background-media":"","overlay-type":"","overlay-color":"","overlay-opacity":"","overlay-gradient":""},"mobile":{"background-color":"var(--ast-global-color-5)","background-image":"","background-repeat":"repeat","background-position":"center center","background-size":"auto","background-attachment":"scroll","background-type":"","background-media":"","overlay-type":"","overlay-color":"","overlay-opacity":"","overlay-gradient":""}},"footnotes":""},"categories":[125],"tags":[281],"class_list":["post-13556","post","type-post","status-publish","format-standard","has-post-thumbnail","hentry","category-artikkeli","tag-lumimyrakka"],"aioseo_notices":[],"uagb_featured_image_src":{"full":["https:\/\/www.incar.fi\/media\/2025\/10\/InCar_lumimyrakka_1920x1080.png",1920,1080,false],"thumbnail":["https:\/\/www.incar.fi\/media\/2025\/10\/InCar_lumimyrakka_1920x1080-400x225.png",400,225,true],"medium":["https:\/\/www.incar.fi\/media\/2025\/10\/InCar_lumimyrakka_1920x1080-800x450.png",800,450,true],"medium_large":["https:\/\/www.incar.fi\/media\/2025\/10\/InCar_lumimyrakka_1920x1080-768x432.png",768,432,true],"large":["https:\/\/www.incar.fi\/media\/2025\/10\/InCar_lumimyrakka_1920x1080-1200x675.png",1200,675,true],"1536x1536":["https:\/\/www.incar.fi\/media\/2025\/10\/InCar_lumimyrakka_1920x1080-1536x864.png",1536,864,true],"2048x2048":["https:\/\/www.incar.fi\/media\/2025\/10\/InCar_lumimyrakka_1920x1080.png",1920,1080,false],"gform-image-choice-sm":["https:\/\/www.incar.fi\/media\/2025\/10\/InCar_lumimyrakka_1920x1080.png",300,169,false],"gform-image-choice-md":["https:\/\/www.incar.fi\/media\/2025\/10\/InCar_lumimyrakka_1920x1080.png",400,225,false],"gform-image-choice-lg":["https:\/\/www.incar.fi\/media\/2025\/10\/InCar_lumimyrakka_1920x1080.png",600,338,false]},"uagb_author_info":{"display_name":"Marika Karppi","author_link":"https:\/\/www.incar.fi\/sv\/author\/marika-karppi\/"},"uagb_comment_info":0,"uagb_excerpt":"Talven ensimm\u00e4iset kinokset ovat jo sataneet, ja meist\u00e4 moni on saanut kokea, kuinka nopeasti ajokeli voi muuttua.\u00a0Lumi ja sohjo haastavat matkantekoa niin teill\u00e4 kuin parkkipaikoilla ja pihoilla.\u00a0\u00a0Pienill\u00e4\u00a0teoilla voit\u00a0vaikuttaa siihen, ett\u00e4 [&hellip;]","_links":{"self":[{"href":"https:\/\/www.incar.fi\/sv\/wp-json\/wp\/v2\/posts\/13556","targetHints":{"allow":["GET"]}}],"collection":[{"href":"https:\/\/www.incar.fi\/sv\/wp-json\/wp\/v2\/posts"}],"about":[{"href":"https:\/\/www.incar.fi\/sv\/wp-json\/wp\/v2\/types\/post"}],"author":[{"embeddable":true,"href":"https:\/\/www.incar.fi\/sv\/wp-json\/wp\/v2\/users\/81"}],"replies":[{"embeddable":true,"href":"https:\/\/www.incar.fi\/sv\/wp-json\/wp\/v2\/comments?post=13556"}],"version-history":[{"count":3,"href":"https:\/\/www.incar.fi\/sv\/wp-json\/wp\/v2\/posts\/13556\/revisions"}],"predecessor-version":[{"id":13958,"href":"https:\/\/www.incar.fi\/sv\/wp-json\/wp\/v2\/posts\/13556\/revisions\/13958"}],"wp:featuredmedia":[{"embeddable":true,"href":"https:\/\/www.incar.fi\/sv\/wp-json\/wp\/v2\/media\/13557"}],"wp:attachment":[{"href":"https:\/\/www.incar.fi\/sv\/wp-json\/wp\/v2\/media?parent=13556"}],"wp:term":[{"taxonomy":"category","embeddable":true,"href":"https:\/\/www.incar.fi\/sv\/wp-json\/wp\/v2\/categories?post=13556"},{"taxonomy":"post_tag","embeddable":true,"href":"https:\/\/www.incar.fi\/sv\/wp-json\/wp\/v2\/tags?post=13556"}],"curies":[{"name":"wp","href":"https:\/\/api.w.org\/{rel}","templated":true}]}}