{"id":2359,"date":"2020-06-30T18:00:00","date_gmt":"2020-06-30T15:00:00","guid":{"rendered":"https:\/\/www.incar.fi\/?p=2359"},"modified":"2020-06-30T13:37:21","modified_gmt":"2020-06-30T10:37:21","slug":"uuden-tieliikennelain-tarpit-muistathan-nama-myos-kesareissullasi","status":"publish","type":"post","link":"https:\/\/www.incar.fi\/sv\/2020\/06\/uuden-tieliikennelain-tarpit-muistathan-nama-myos-kesareissullasi\/","title":{"rendered":"Uuden tieliikennelain t\u00e4rpit \u2013 muistathan n\u00e4m\u00e4 my\u00f6s kes\u00e4reissullasi"},"content":{"rendered":"\n<h3 class=\"wp-block-heading\"><strong>Pysy valppaana liikenteess\u00e4<\/strong><\/h3>\n\n\n\n<p>Uuteen lakiin on kirjattu, ett\u00e4 jokaisen tienk\u00e4ytt\u00e4j\u00e4n on ennakoitava toisten toimintaa. T\u00e4ten siis oikein ajamisen lis\u00e4ksi tulee huomioida entist\u00e4 enemm\u00e4n kanssakulkijoiden toimintaa. Muistathan kes\u00e4reissuakin tehdess\u00e4 olla valppaana, ja ottaa huomioon oman toimintasi lis\u00e4ksi muiden autoilijoiden, py\u00f6r\u00e4ilij\u00f6iden ja muiden liikenteess\u00e4 liikkujien toiminnan.<\/p>\n\n\n\n<h3 class=\"wp-block-heading\"><strong>Auta h\u00e4d\u00e4ss\u00e4<\/strong><\/h3>\n\n\n\n<p>Ennen reissuun l\u00e4ht\u00f6\u00e4 ja muutenkin vuosittain olisi hyv\u00e4 kerrata viel\u00e4 ensiavun alkeet, sill\u00e4 uuden tieliikennelain mukaan jokaisen tienk\u00e4ytt\u00e4j\u00e4 on autettava onnettomuuspaikalla loukkaantuneita. Jokainen auttaa tietenkin kykyjens\u00e4 mukaan ja osallistuu toimenpiteisiin, joihin katsotaan olevan aihetta. Omaa turvallisuuden tunnetta lis\u00e4\u00e4m\u00e4\u00e4n suosittelemme lataamaan 112-sovelluksen. Sovellus antaa soittajan tarkat sijaintitiedot ja t\u00e4ten avunsaanti t\u00e4ten nopeutuu.<\/p>\n\n\n\n<h3 class=\"wp-block-heading\"><strong>Pys\u00e4k\u00f6innin uudet tuulet<\/strong><\/h3>\n\n\n\n<p>Uuden tieliikennelain my\u00f6t\u00e4 on taajamassa sallittua pys\u00e4k\u00f6id\u00e4 kaksisuuntaisella tiell\u00e4 my\u00f6s vasemmalle puolelle tiet\u00e4, kunhan se ei vaaranna tai haittaa liikennett\u00e4. Parkkiajan voit my\u00f6s ilmoittaa nykyisin vapaalla tyylill\u00e4, eli jos parkkikiekko unohtui kotiin reissuun l\u00e4htiess\u00e4 niin ei h\u00e4t\u00e4\u00e4 \u2013 voit ilmoittaa ajankohdan\u00a0 esimerkiksi paperilapulle kirjoittamalla!<\/p>\n\n\n\n<h3 class=\"wp-block-heading\"><strong>T\u00e4smennyksi\u00e4 valojen k\u00e4yt\u00f6st\u00e4<\/strong><\/h3>\n\n\n\n<p>Kes\u00e4ll\u00e4 ajaessa ei pime\u00e4n aikaa juuri olekaan \u2013 h\u00e4m\u00e4r\u00e4\u00e4 kuitenkin y\u00f6aikaan on, joten t\u00e4ll\u00f6in tulee muistaa pit\u00e4\u00e4 niin ajovalot kuin takavalotkin p\u00e4\u00e4ll\u00e4. My\u00f6s sateen tai muun huonontuneen ajokelin sattuessa n\u00e4iden valojen tulee olla p\u00e4\u00e4ll\u00e4. Leppoisalla kes\u00e4p\u00e4iv\u00e4n matkalla ei h\u00e4t\u00e4vilkkuja toivottavasti tarvita, mutta niit\u00e4 voi k\u00e4ytt\u00e4\u00e4 nyt my\u00f6s liikkuvassa autossa, jos koet tarpeen varoittaa muita autoilijoita \u00e4killisest\u00e4 vaaratilanteesta.<\/p>\n\n\n\n<h3 class=\"wp-block-heading\"><strong>Nopeusrajoitusten muutokset<\/strong><\/h3>\n\n\n\n<p>Jos taitat matkaa esimerkiksi paketti- tai enint\u00e4\u00e4n 3500 kg matkailuautolla saat jatkossa ajaa tie- tai aluekohtaisilla nopeuksilla kuten henkil\u00f6autotkin. Muista kuitenkin yh\u00e4 oma ennakointi ja varovaisuus, ja aja tilanteeseen sopivasti s\u00e4\u00e4nt\u00f6j\u00e4 noudattaen! T\u00e4m\u00e4n lis\u00e4ksi maksiminopeuden rinnalle tulee joillekin teille v\u00e4himm\u00e4isnopeusrajoitus, jolloin sit\u00e4 ei saa alittaa elleiv\u00e4t ajo-olosuhteet n\u00e4in vaadi.<\/p>\n\n\n\n<div style=\"height:20px\" aria-hidden=\"true\" class=\"wp-block-spacer\"><\/div>\n\n\n\n<h3 class=\"wp-block-heading\"><strong>Me InCarilla toivotamme kaikille turvallista ajomatkaa kes\u00e4n ihanille reissuille! Mik\u00e4li matkanteko tyss\u00e4\u00e4, voit ottaa yhteytt\u00e4 24\/7 palvelunumeroomme p. <em>0300 247 247 \u2013<\/em> me autamme kellon ymp\u00e4ri!<\/strong><\/h3>\n","protected":false},"excerpt":{"rendered":"<p>Huomasitko jo \u2013 uusi tieliikennelaki astui voimaan kes\u00e4kuun ensimm\u00e4isen\u00e4 p\u00e4iv\u00e4n\u00e4! Uuden lain tarkoituksena on lis\u00e4t\u00e4 turvallisuutta ja sujuvaa ajamista liikenteess\u00e4 niin nyt, kuin tulevaisuudessakin. Tieliikenteen s\u00e4\u00e4ntely\u00e4 on kevennetty paikoittain, jotta my\u00f6s liikenteen digitalisoiminen on tulevaisuudessa mahdollista. Poimimme teille muutamia vinkkej\u00e4, joita uudistus tuo tullessaan!<\/p>\n","protected":false},"author":18,"featured_media":2366,"comment_status":"closed","ping_status":"closed","sticky":false,"template":"","format":"standard","meta":{"_uag_custom_page_level_css":"","site-sidebar-layout":"default","site-content-layout":"","ast-site-content-layout":"default","site-content-style":"default","site-sidebar-style":"default","ast-global-header-display":"","ast-banner-title-visibility":"","ast-main-header-display":"","ast-hfb-above-header-display":"","ast-hfb-below-header-display":"","ast-hfb-mobile-header-display":"","site-post-title":"","ast-breadcrumbs-content":"","ast-featured-img":"","footer-sml-layout":"","ast-disable-related-posts":"","theme-transparent-header-meta":"","adv-header-id-meta":"","stick-header-meta":"","header-above-stick-meta":"","header-main-stick-meta":"","header-below-stick-meta":"","astra-migrate-meta-layouts":"default","ast-page-background-enabled":"default","ast-page-background-meta":{"desktop":{"background-color":"","background-image":"","background-repeat":"repeat","background-position":"center center","background-size":"auto","background-attachment":"scroll","background-type":"","background-media":"","overlay-type":"","overlay-color":"","overlay-opacity":"","overlay-gradient":""},"tablet":{"background-color":"","background-image":"","background-repeat":"repeat","background-position":"center center","background-size":"auto","background-attachment":"scroll","background-type":"","background-media":"","overlay-type":"","overlay-color":"","overlay-opacity":"","overlay-gradient":""},"mobile":{"background-color":"","background-image":"","background-repeat":"repeat","background-position":"center center","background-size":"auto","background-attachment":"scroll","background-type":"","background-media":"","overlay-type":"","overlay-color":"","overlay-opacity":"","overlay-gradient":""}},"ast-content-background-meta":{"desktop":{"background-color":"var(--ast-global-color-5)","background-image":"","background-repeat":"repeat","background-position":"center center","background-size":"auto","background-attachment":"scroll","background-type":"","background-media":"","overlay-type":"","overlay-color":"","overlay-opacity":"","overlay-gradient":""},"tablet":{"background-color":"var(--ast-global-color-5)","background-image":"","background-repeat":"repeat","background-position":"center center","background-size":"auto","background-attachment":"scroll","background-type":"","background-media":"","overlay-type":"","overlay-color":"","overlay-opacity":"","overlay-gradient":""},"mobile":{"background-color":"var(--ast-global-color-5)","background-image":"","background-repeat":"repeat","background-position":"center center","background-size":"auto","background-attachment":"scroll","background-type":"","background-media":"","overlay-type":"","overlay-color":"","overlay-opacity":"","overlay-gradient":""}},"footnotes":""},"categories":[34],"tags":[],"class_list":["post-2359","post","type-post","status-publish","format-standard","has-post-thumbnail","hentry","category-blogi"],"aioseo_notices":[],"uagb_featured_image_src":{"full":["https:\/\/www.incar.fi\/media\/2020\/06\/InCar_blogi_tieliikenne.jpg",1500,1000,false],"thumbnail":["https:\/\/www.incar.fi\/media\/2020\/06\/InCar_blogi_tieliikenne-400x267.jpg",400,267,true],"medium":["https:\/\/www.incar.fi\/media\/2020\/06\/InCar_blogi_tieliikenne-800x533.jpg",800,533,true],"medium_large":["https:\/\/www.incar.fi\/media\/2020\/06\/InCar_blogi_tieliikenne-768x512.jpg",768,512,true],"large":["https:\/\/www.incar.fi\/media\/2020\/06\/InCar_blogi_tieliikenne-1200x800.jpg",1200,800,true],"1536x1536":["https:\/\/www.incar.fi\/media\/2020\/06\/InCar_blogi_tieliikenne.jpg",1500,1000,false],"2048x2048":["https:\/\/www.incar.fi\/media\/2020\/06\/InCar_blogi_tieliikenne.jpg",1500,1000,false],"gform-image-choice-sm":["https:\/\/www.incar.fi\/media\/2020\/06\/InCar_blogi_tieliikenne.jpg",300,200,false],"gform-image-choice-md":["https:\/\/www.incar.fi\/media\/2020\/06\/InCar_blogi_tieliikenne.jpg",400,267,false],"gform-image-choice-lg":["https:\/\/www.incar.fi\/media\/2020\/06\/InCar_blogi_tieliikenne.jpg",600,400,false]},"uagb_author_info":{"display_name":"Pasi Tolvanen","author_link":"https:\/\/www.incar.fi\/sv\/author\/pasi-tolvanen\/"},"uagb_comment_info":0,"uagb_excerpt":"Huomasitko jo \u2013 uusi tieliikennelaki astui voimaan kes\u00e4kuun ensimm\u00e4isen\u00e4 p\u00e4iv\u00e4n\u00e4! Uuden lain tarkoituksena on lis\u00e4t\u00e4 turvallisuutta ja sujuvaa ajamista liikenteess\u00e4 niin nyt, kuin tulevaisuudessakin. Tieliikenteen s\u00e4\u00e4ntely\u00e4 on kevennetty paikoittain, jotta my\u00f6s liikenteen digitalisoiminen on tulevaisuudessa mahdollista. Poimimme teille muutamia vinkkej\u00e4, joita uudistus tuo tullessaan!","_links":{"self":[{"href":"https:\/\/www.incar.fi\/sv\/wp-json\/wp\/v2\/posts\/2359","targetHints":{"allow":["GET"]}}],"collection":[{"href":"https:\/\/www.incar.fi\/sv\/wp-json\/wp\/v2\/posts"}],"about":[{"href":"https:\/\/www.incar.fi\/sv\/wp-json\/wp\/v2\/types\/post"}],"author":[{"embeddable":true,"href":"https:\/\/www.incar.fi\/sv\/wp-json\/wp\/v2\/users\/18"}],"replies":[{"embeddable":true,"href":"https:\/\/www.incar.fi\/sv\/wp-json\/wp\/v2\/comments?post=2359"}],"version-history":[{"count":0,"href":"https:\/\/www.incar.fi\/sv\/wp-json\/wp\/v2\/posts\/2359\/revisions"}],"wp:featuredmedia":[{"embeddable":true,"href":"https:\/\/www.incar.fi\/sv\/wp-json\/wp\/v2\/media\/2366"}],"wp:attachment":[{"href":"https:\/\/www.incar.fi\/sv\/wp-json\/wp\/v2\/media?parent=2359"}],"wp:term":[{"taxonomy":"category","embeddable":true,"href":"https:\/\/www.incar.fi\/sv\/wp-json\/wp\/v2\/categories?post=2359"},{"taxonomy":"post_tag","embeddable":true,"href":"https:\/\/www.incar.fi\/sv\/wp-json\/wp\/v2\/tags?post=2359"}],"curies":[{"name":"wp","href":"https:\/\/api.w.org\/{rel}","templated":true}]}}