{"id":6475,"date":"2022-04-13T08:00:00","date_gmt":"2022-04-13T05:00:00","guid":{"rendered":"https:\/\/www.incar.fi\/?p=6475"},"modified":"2022-04-13T10:57:50","modified_gmt":"2022-04-13T07:57:50","slug":"vihreaa-vastuullisuutta","status":"publish","type":"post","link":"https:\/\/www.incar.fi\/sv\/2022\/04\/vihreaa-vastuullisuutta\/","title":{"rendered":"Vihre\u00e4\u00e4 vastuullisuutta"},"content":{"rendered":"\n<p><strong>Lappeenrannan InCar on Suomen ensimm\u00e4inen Vihre\u00e4 Korjaamo \u2013 eli vauriokorjaamo, jossa ymp\u00e4rist\u00f6asiat ja vastuullisuus on huomioitu toiminnan alusta loppuun saakka.<\/strong><\/p>\n\n\n\n<p>Autokorjaamokin voi toimia ymp\u00e4rist\u00f6yst\u00e4v\u00e4llisesti. T\u00e4st\u00e4 esimerkki on Lappeenrannan InCar, joka uudistui hiljattain Suomen ensimm\u00e4iseksi vihre\u00e4ksi vauriokorjaamoksi.<\/p>\n\n\n\n<p>\u201dVihre\u00e4t arvot on otettu meill\u00e4 mukaan ihan kaikkeen tekemiseen sik\u00e4li, kun se on vaan ollut mahdollista. Toimitiloissa on panostettu led-tekniikkaan ja automaattisella liiketunnistimella toimivaan valaistukseen. Meill\u00e4 k\u00e4ytet\u00e4\u00e4n my\u00f6s vihre\u00e4\u00e4 s\u00e4hk\u00f6\u00e4\u201d, InCarin It\u00e4-Suomen aluejohtaja <strong>Kari Matikainen<\/strong> sanoo.<\/p>\n\n\n\n<p>K\u00e4yt\u00e4nn\u00f6ss\u00e4 Vihre\u00e4n Korjaamon konseptissa on kyse pienist\u00e4 muutoksista, jotka eiv\u00e4t v\u00e4ltt\u00e4m\u00e4tt\u00e4 n\u00e4y p\u00e4\u00e4llep\u00e4in. Esimerkiksi maalaamossa autojen maalausprosessissa tarvittava l\u00e4mp\u00f6 tuotetaan kokonaan uusiutuvilla polttoaineilla. Tapauskohtaisesti voidaan my\u00f6s valita sopivat tuotteet, joilla kuivaminen tapahtuu matalammassa l\u00e4mp\u00f6tilassa. Auto tai auton osat maalataan aina maalauskammiossa, miss\u00e4 my\u00f6s kuivatus tapahtuu.<\/p>\n\n\n\n<p>\u201dSe, millaista polttoainetta l\u00e4mm\u00f6n tuottamisessa k\u00e4ytet\u00e4\u00e4n, ei kuitenkaan n\u00e4y ulosp\u00e4in asiakkaille saakka\u201d, Matikainen kertoo.<\/p>\n\n\n\n<p>Vauriokorjaamon muuttaminen kokonaisvaltaisesti ymp\u00e4rist\u00f6yst\u00e4v\u00e4llisemm\u00e4ksi ei ole kuitenkaan k\u00e4ynyt yhdess\u00e4 y\u00f6ss\u00e4.<\/p>\n\n\n\n<p>\u201dKorjaamon konseptointi t\u00e4h\u00e4n suuntaan oli kuitenkin yll\u00e4tt\u00e4v\u00e4n helppoa. Toimitilat ovat olleet k\u00e4yt\u00f6ss\u00e4 jo useamman vuoden, mutta uusi maalaamo rakennettiin viime vuonna, ja erityisesti vihreit\u00e4 arvoja noudattaen\u201d.<\/p>\n\n\n\n<figure class=\"wp-block-image size-large\"><img decoding=\"async\" width=\"1200\" height=\"800\" src=\"https:\/\/www.incar.fi\/media\/2022\/04\/incar_lappeenranta_052-1200x800.jpg\" alt=\"\" class=\"wp-image-6477\" srcset=\"https:\/\/www.incar.fi\/media\/2022\/04\/incar_lappeenranta_052-1200x800.jpg 1200w, https:\/\/www.incar.fi\/media\/2022\/04\/incar_lappeenranta_052-800x533.jpg 800w, https:\/\/www.incar.fi\/media\/2022\/04\/incar_lappeenranta_052-400x267.jpg 400w, https:\/\/www.incar.fi\/media\/2022\/04\/incar_lappeenranta_052-768x512.jpg 768w, https:\/\/www.incar.fi\/media\/2022\/04\/incar_lappeenranta_052-1536x1024.jpg 1536w, https:\/\/www.incar.fi\/media\/2022\/04\/incar_lappeenranta_052-2048x1365.jpg 2048w\" sizes=\"(max-width: 1200px) 100vw, 1200px\" \/><figcaption><strong>Taneli Marttila<\/strong> hioo puskuria maalauskuntoon. Taneli on aloittanut InCarissa aikoinaan ty\u00f6ss\u00e4oppijana ja edennyt siit\u00e4 suoraan ty\u00f6suhteeseen. Kuva: Lauri Rotko<\/figcaption><\/figure>\n\n\n\n<h2 class=\"wp-block-heading\"><strong>Vanhaa korjaten<\/strong><\/h2>\n\n\n\n<p>Ekologinen n\u00e4k\u00f6kulma ulottuu my\u00f6s varsinaiseen ty\u00f6h\u00f6n. Lappeenrannassa esimerkiksi autojen peltikorjaukset tai muoviosien korjaukset pyrit\u00e4\u00e4n tekem\u00e4\u00e4n vanhaa korjaamalla niin pitk\u00e4lle kuin mahdollista: Lappeenrannan InCarin tavoitteena on tehd\u00e4 mahdollisimman paljon ty\u00f6teht\u00e4vist\u00e4 korjaamalla.<\/p>\n\n\n\n<p>\u201dPeltisep\u00e4n ty\u00f6ss\u00e4 t\u00e4m\u00e4 n\u00e4kyy siten, ett\u00e4 autoja korjataan enemm\u00e4n sen sijaan, ett\u00e4 uusia osia vaihdettaisiin tilalle. My\u00f6s kierr\u00e4tys on t\u00e4rke\u00e4ss\u00e4 osassa. Pyrimme hy\u00f6dynt\u00e4m\u00e4\u00e4n k\u00e4ytettyj\u00e4, hyv\u00e4laatuisia varaosia\u201d, Matikainen sanoo.<\/p>\n\n\n\n<p>Aina se ei ole helppoa. Matikainen huomauttaa, ett\u00e4 hy\u00f6tyosien saatavuus asettaa omat haasteensa.<\/p>\n\n\n\n<p>\u201dK\u00e4yt\u00e4mme Suomessa autot usein loppuun, joten hyv\u00e4laatuisia hy\u00f6tyosia ei ole v\u00e4ltt\u00e4m\u00e4tt\u00e4 niin paljon saatavilla kuin meill\u00e4 olisi tarvetta.\u201d<\/p>\n\n\n\n<p>Vanhan korjaaminen onnistuu my\u00f6s esimerkiksi koukkukorjauksen eli PDR-tekniikan ansiosta. Sit\u00e4 voidaan k\u00e4ytt\u00e4\u00e4 pienten lommojen oikaisuun, jos maalipinta on ehj\u00e4.<\/p>\n\n\n\n<p>\u201dSiin\u00e4 s\u00e4\u00e4stet\u00e4\u00e4n maalausty\u00f6n osuus. Ymp\u00e4rist\u00f6n kannalta s\u00e4\u00e4st\u00f6 on merkitt\u00e4v\u00e4, sill\u00e4 meid\u00e4n alallamme juuri maalaaminen tuottaa eniten p\u00e4\u00e4st\u00f6j\u00e4. Koukkukorjaus on my\u00f6s kustannustehokkaampaa\u201d, Matikainen huomauttaa.<\/p>\n\n\n\n<figure class=\"wp-block-image size-large\"><img decoding=\"async\" width=\"1200\" height=\"800\" src=\"https:\/\/www.incar.fi\/media\/2022\/04\/incar_lappeenranta_012-1200x800.jpg\" alt=\"\" class=\"wp-image-6481\" srcset=\"https:\/\/www.incar.fi\/media\/2022\/04\/incar_lappeenranta_012-1200x800.jpg 1200w, https:\/\/www.incar.fi\/media\/2022\/04\/incar_lappeenranta_012-800x533.jpg 800w, https:\/\/www.incar.fi\/media\/2022\/04\/incar_lappeenranta_012-400x267.jpg 400w, https:\/\/www.incar.fi\/media\/2022\/04\/incar_lappeenranta_012-768x512.jpg 768w, https:\/\/www.incar.fi\/media\/2022\/04\/incar_lappeenranta_012-1536x1024.jpg 1536w, https:\/\/www.incar.fi\/media\/2022\/04\/incar_lappeenranta_012-2048x1365.jpg 2048w\" sizes=\"(max-width: 1200px) 100vw, 1200px\" \/><figcaption>Ymp\u00e4rist\u00f6yst\u00e4v\u00e4lliset maalit ovat keskeinen osa Vihre\u00e4n Korjaamon konseptia. Kuva: Lauri Rotko<\/figcaption><\/figure>\n\n\n\n<p><strong>Ekologisempia maaleja<\/strong><\/p>\n\n\n\n<p>My\u00f6s maalaust\u00f6iden p\u00e4\u00e4st\u00f6t on pyritty painamaan niin alas kuin mahdollista. Siin\u00e4 auttavat Lappeenrannan toimipisteess\u00e4 k\u00e4ytt\u00e4v\u00e4t RM e\u2019Sense -maalit. Kyseiset maalit ovat saaneet todisteeksi ymp\u00e4rist\u00f6yst\u00e4v\u00e4llisyydest\u00e4\u00e4n REDcert2-sertifikaatin.<\/p>\n\n\n\n<p>Kari Matikaisen mukaan ekologisemmat maalit sopivat erinomaisesti korjaamon toimintaan. Maalarit ovat pit\u00e4neet uusien tuotteiden ominaisuuksista ja itse maalausprosessi on nopeutunut.<\/p>\n\n\n\n<p>&nbsp;\u201dVaikka tuotteet ovat ymp\u00e4rist\u00f6lle yst\u00e4v\u00e4llisempi\u00e4 ja k\u00e4yt\u00f6ss\u00e4 nopeampia, niin lopputuloksesta ei ole tarvinnut tinki\u00e4.\u201d<\/p>\n\n\n\n<p>Vihre\u00e4n Korjaamon mallin pilotointi aloitetaan Lappeenrannasta, mutta tarkoitus ei ole vaan j\u00e4tt\u00e4\u00e4 asiaa siihen vaan laajentaa vastuullisen toiminnan mallia l\u00e4pi koko InCarin toiminnan.<\/p>\n\n\n\n<p>\u201dT\u00e4ss\u00e4 vaiheessa haemme kokemusta ja n\u00e4kemyst\u00e4 siit\u00e4, mit\u00e4 kaikkea on teht\u00e4v\u00e4 ja teht\u00e4viss\u00e4. Kyse on kuitenkin tulevaisuuden toimintamallista. Kun oikaisuty\u00f6t\u00e4 ja muovinkorjaust\u00f6it\u00e4 on enemm\u00e4n, ty\u00f6ss\u00e4 p\u00e4\u00e4see n\u00e4ytt\u00e4m\u00e4\u00e4n k\u00e4sity\u00f6taitonsa, jotka meill\u00e4 InCarissa ovat ensiluokkaisella tasolla. Parhaimmillaan siis ammattiylpeyskin lis\u00e4\u00e4ntyy\u201d, Matikainen pohtii.<\/p>\n\n\n\n<h2 class=\"wp-block-heading\">Koukkukorjaaminen on er\u00e4s konkreettisin tapa valita vastuullisempi korjausmuoto. Joko olet tutustunut koukun taikaan?<\/h2>\n\n\n\n<div class=\"wp-block-buttons is-layout-flex wp-block-buttons-is-layout-flex\">\n<div class=\"wp-block-button\"><a class=\"wp-block-button__link\" href=\"https:\/\/www.incar.fi\/palvelut\/pdr-korjaus-kolhun-oikaisu-maalaamatta\/\">Lue lis\u00e4\u00e4 koukkukorjaamisesta<\/a><\/div>\n<\/div>\n","protected":false},"excerpt":{"rendered":"<p>Lappeenrannan InCar on Suomen ensimm\u00e4inen Vihre\u00e4 Korjaamo \u2013 eli vauriokorjaamo, jossa ymp\u00e4rist\u00f6asiat ja vastuullisuus on huomioitu toiminnan alusta loppuun saakka. Autokorjaamokin voi toimia ymp\u00e4rist\u00f6yst\u00e4v\u00e4llisesti. T\u00e4st\u00e4 esimerkki on Lappeenrannan InCar, joka [&hellip;]<\/p>\n","protected":false},"author":18,"featured_media":6487,"comment_status":"closed","ping_status":"closed","sticky":true,"template":"","format":"standard","meta":{"_uag_custom_page_level_css":"","site-sidebar-layout":"default","site-content-layout":"","ast-site-content-layout":"default","site-content-style":"default","site-sidebar-style":"default","ast-global-header-display":"","ast-banner-title-visibility":"","ast-main-header-display":"","ast-hfb-above-header-display":"","ast-hfb-below-header-display":"","ast-hfb-mobile-header-display":"","site-post-title":"","ast-breadcrumbs-content":"","ast-featured-img":"","footer-sml-layout":"","ast-disable-related-posts":"","theme-transparent-header-meta":"","adv-header-id-meta":"","stick-header-meta":"","header-above-stick-meta":"","header-main-stick-meta":"","header-below-stick-meta":"","astra-migrate-meta-layouts":"default","ast-page-background-enabled":"default","ast-page-background-meta":{"desktop":{"background-color":"","background-image":"","background-repeat":"repeat","background-position":"center center","background-size":"auto","background-attachment":"scroll","background-type":"","background-media":"","overlay-type":"","overlay-color":"","overlay-opacity":"","overlay-gradient":""},"tablet":{"background-color":"","background-image":"","background-repeat":"repeat","background-position":"center center","background-size":"auto","background-attachment":"scroll","background-type":"","background-media":"","overlay-type":"","overlay-color":"","overlay-opacity":"","overlay-gradient":""},"mobile":{"background-color":"","background-image":"","background-repeat":"repeat","background-position":"center center","background-size":"auto","background-attachment":"scroll","background-type":"","background-media":"","overlay-type":"","overlay-color":"","overlay-opacity":"","overlay-gradient":""}},"ast-content-background-meta":{"desktop":{"background-color":"var(--ast-global-color-5)","background-image":"","background-repeat":"repeat","background-position":"center center","background-size":"auto","background-attachment":"scroll","background-type":"","background-media":"","overlay-type":"","overlay-color":"","overlay-opacity":"","overlay-gradient":""},"tablet":{"background-color":"var(--ast-global-color-5)","background-image":"","background-repeat":"repeat","background-position":"center center","background-size":"auto","background-attachment":"scroll","background-type":"","background-media":"","overlay-type":"","overlay-color":"","overlay-opacity":"","overlay-gradient":""},"mobile":{"background-color":"var(--ast-global-color-5)","background-image":"","background-repeat":"repeat","background-position":"center center","background-size":"auto","background-attachment":"scroll","background-type":"","background-media":"","overlay-type":"","overlay-color":"","overlay-opacity":"","overlay-gradient":""}},"footnotes":""},"categories":[125],"tags":[120,119,105,104],"class_list":["post-6475","post","type-post","status-publish","format-standard","has-post-thumbnail","hentry","category-artikkeli","tag-kolhun-oikaisu","tag-koukkukorjaus","tag-vastuullisuus","tag-vihrea-korjaamo"],"aioseo_notices":[],"uagb_featured_image_src":{"full":["https:\/\/www.incar.fi\/media\/2022\/04\/koukkukorjaus-artikkelikuva.jpg",1343,581,false],"thumbnail":["https:\/\/www.incar.fi\/media\/2022\/04\/koukkukorjaus-artikkelikuva-400x173.jpg",400,173,true],"medium":["https:\/\/www.incar.fi\/media\/2022\/04\/koukkukorjaus-artikkelikuva-800x346.jpg",800,346,true],"medium_large":["https:\/\/www.incar.fi\/media\/2022\/04\/koukkukorjaus-artikkelikuva-768x332.jpg",768,332,true],"large":["https:\/\/www.incar.fi\/media\/2022\/04\/koukkukorjaus-artikkelikuva-1200x519.jpg",1200,519,true],"1536x1536":["https:\/\/www.incar.fi\/media\/2022\/04\/koukkukorjaus-artikkelikuva.jpg",1343,581,false],"2048x2048":["https:\/\/www.incar.fi\/media\/2022\/04\/koukkukorjaus-artikkelikuva.jpg",1343,581,false],"gform-image-choice-sm":["https:\/\/www.incar.fi\/media\/2022\/04\/koukkukorjaus-artikkelikuva.jpg",300,130,false],"gform-image-choice-md":["https:\/\/www.incar.fi\/media\/2022\/04\/koukkukorjaus-artikkelikuva.jpg",400,173,false],"gform-image-choice-lg":["https:\/\/www.incar.fi\/media\/2022\/04\/koukkukorjaus-artikkelikuva.jpg",600,260,false]},"uagb_author_info":{"display_name":"Pasi Tolvanen","author_link":"https:\/\/www.incar.fi\/sv\/author\/pasi-tolvanen\/"},"uagb_comment_info":0,"uagb_excerpt":"Lappeenrannan InCar on Suomen ensimm\u00e4inen Vihre\u00e4 Korjaamo \u2013 eli vauriokorjaamo, jossa ymp\u00e4rist\u00f6asiat ja vastuullisuus on huomioitu toiminnan alusta loppuun saakka. Autokorjaamokin voi toimia ymp\u00e4rist\u00f6yst\u00e4v\u00e4llisesti. T\u00e4st\u00e4 esimerkki on Lappeenrannan InCar, joka [&hellip;]","_links":{"self":[{"href":"https:\/\/www.incar.fi\/sv\/wp-json\/wp\/v2\/posts\/6475","targetHints":{"allow":["GET"]}}],"collection":[{"href":"https:\/\/www.incar.fi\/sv\/wp-json\/wp\/v2\/posts"}],"about":[{"href":"https:\/\/www.incar.fi\/sv\/wp-json\/wp\/v2\/types\/post"}],"author":[{"embeddable":true,"href":"https:\/\/www.incar.fi\/sv\/wp-json\/wp\/v2\/users\/18"}],"replies":[{"embeddable":true,"href":"https:\/\/www.incar.fi\/sv\/wp-json\/wp\/v2\/comments?post=6475"}],"version-history":[{"count":0,"href":"https:\/\/www.incar.fi\/sv\/wp-json\/wp\/v2\/posts\/6475\/revisions"}],"wp:featuredmedia":[{"embeddable":true,"href":"https:\/\/www.incar.fi\/sv\/wp-json\/wp\/v2\/media\/6487"}],"wp:attachment":[{"href":"https:\/\/www.incar.fi\/sv\/wp-json\/wp\/v2\/media?parent=6475"}],"wp:term":[{"taxonomy":"category","embeddable":true,"href":"https:\/\/www.incar.fi\/sv\/wp-json\/wp\/v2\/categories?post=6475"},{"taxonomy":"post_tag","embeddable":true,"href":"https:\/\/www.incar.fi\/sv\/wp-json\/wp\/v2\/tags?post=6475"}],"curies":[{"name":"wp","href":"https:\/\/api.w.org\/{rel}","templated":true}]}}